{"id":10202,"date":"2022-04-08T14:25:27","date_gmt":"2022-04-08T14:25:27","guid":{"rendered":"https:\/\/www.fussball-trifft-kultur.de\/?p=10202"},"modified":"2024-12-16T14:03:22","modified_gmt":"2024-12-16T14:03:22","slug":"ftk-meets-alte-foersterei-and-grischa-proemel","status":"publish","type":"post","link":"https:\/\/www.fussball-trifft-kultur.de\/en\/ftk-meets-alte-foersterei-and-grischa-proemel\/","title":{"rendered":"FtK meets Alte F\u00f6rsterei and Grischa Pr\u00f6mel"},"content":{"rendered":"\t\t<div data-elementor-type=\"wp-post\" data-elementor-id=\"10202\" class=\"elementor elementor-10202 elementor-10201\">\n\t\t\t\t<div class=\"elementor-element elementor-element-893cce6 e-flex e-con-boxed e-con e-parent\" data-id=\"893cce6\" data-element_type=\"container\">\n\t\t\t\t\t<div class=\"e-con-inner\">\n\t\t\t\t\t<\/div>\n\t\t\t\t<\/div>\n\t\t<div class=\"elementor-element elementor-element-9ac52b2 e-flex e-con-boxed e-con e-parent\" data-id=\"9ac52b2\" data-element_type=\"container\">\n\t\t\t\t\t<div class=\"e-con-inner\">\n\t\t\t\t<div class=\"elementor-element elementor-element-18ebaa5 elementor-widget elementor-widget-image\" data-id=\"18ebaa5\" data-element_type=\"widget\" data-widget_type=\"image.default\">\n\t\t\t\t<div class=\"elementor-widget-container\">\n\t\t\t\t\t\t\t\t\t\t\t\t\t\t\t<img fetchpriority=\"high\" decoding=\"async\" width=\"1000\" height=\"500\" src=\"https:\/\/www.fussball-trifft-kultur.de\/wp-content\/uploads\/FtK-meets-Alte-Foersterei-und-Grischa-Proemel.png\" class=\"attachment-full size-full wp-image-10217\" alt=\"In Berlin-K\u00f6penick warteten diese Woche zwei Highlights auf die Kinder der Z\u00fcrich-Schule: Sie durften nicht nur das altehrw\u00fcrdige Stadion an der alten F\u00f6rsterei besuchen, sondern hatten auch noch das besondere Vergn\u00fcgen, an einer Kinder-Pressekonferenz mit Union-&quot;Fu\u00dfballgott&quot; Grischa Pr\u00f6mel teilzunehmen.\n\n24 Kinder aus dem \u201eFu\u00dfball trifft Kultur\u201c-Programm an der Z\u00fcrich Schule in Neuk\u00f6lln machten sich letzten Dienstag, den 5. April, per S-Bahn und Stra\u00dfenbahn zum Stadion an der Alten F\u00f6rsterei. F\u00fcr viele war es das erste Mal, \u00fcberhaupt in einem Stadion zu sein und f\u00fcr die allermeisten war es auch der erste Besuch im Stadion an der Alten F\u00f6rsterei. Umso erfreulicher war es, als ihnen pl\u00f6tzlich bei der Stadion-Ankunft FC Union-Cheftrainer Urs Fischer \u00fcber den Weg lief, der sich bereitwillig mit den Kindern fotografieren lie\u00df.\n\nDirekt danach startete die F\u00fchrung. Thomas Maier von der Stiftung des FC Union zeigte den Kindern erstmal am Eingang des Stadions die Statue der Pokalsieger von 1968, nat\u00fcrlich mit dem berechtigten Hinweis, dass die Unioner dieses Jahr noch den Gewinn des DFB-Pokals in Aussicht haben. Warum das Stadion an der Alten F\u00f6rsterei so hei\u00dft wie es hei\u00dft, konnten die Kinder nicht beantworten, aber Thomas Maier erkl\u00e4rte es ihnen ausf\u00fchrlich.\n\nSp\u00e4ter ging es weiter auf die Trib\u00fcnen. Als eines der Kinder nach einer Karte f\u00fcr ein Union Spiel fragte, musste es Thomas Maier entt\u00e4uschen: \u201eDer FC Union hat 11.000 Abonnenten, die nat\u00fcrlich immer ihre Karten bekommen. 2.200 Karten gehen an die Fans der G\u00e4stemannschaft und die restlichen Karten werden an die Mitglieder von FC Union Berlin verlost. 21.717 Menschen passen ins Stadion.\u201c W\u00e4hrend des weiteren Rundgangs erfuhren die Kinder unter anderem, dass das Stadion von den Union-Fans selber mitgebaut wurde. Im Innern des Stadions konnten die Kids eine Loge besuchen und einen Blick von oben auf das Spielfeld werfen.\" srcset=\"https:\/\/www.fussball-trifft-kultur.de\/wp-content\/uploads\/FtK-meets-Alte-Foersterei-und-Grischa-Proemel.png 1000w, https:\/\/www.fussball-trifft-kultur.de\/wp-content\/uploads\/FtK-meets-Alte-Foersterei-und-Grischa-Proemel-300x150.png 300w, https:\/\/www.fussball-trifft-kultur.de\/wp-content\/uploads\/FtK-meets-Alte-Foersterei-und-Grischa-Proemel-768x384.png 768w\" sizes=\"(max-width: 1000px) 100vw, 1000px\" \/>\t\t\t\t\t\t\t\t\t\t\t\t\t\t\t<\/div>\n\t\t\t\t<\/div>\n\t\t\t\t\t<\/div>\n\t\t\t\t<\/div>\n\t\t<div class=\"elementor-element elementor-element-2794f834 e-flex e-con-boxed e-con e-parent\" data-id=\"2794f834\" data-element_type=\"container\">\n\t\t\t\t\t<div class=\"e-con-inner\">\n\t\t\t\t<div class=\"elementor-element elementor-element-7f1869e8 elementor-widget elementor-widget-text-editor\" data-id=\"7f1869e8\" data-element_type=\"widget\" data-widget_type=\"text-editor.default\">\n\t\t\t\t<div class=\"elementor-widget-container\">\n\t\t\t\t\t\t\t\t\t<p><strong>Two highlights awaited the children of the Zurich School in Berlin-K\u00f6penick this week: not only were they able to visit the venerable stadium at the Alte F\u00f6rsterei, but they also had the special pleasure of taking part in a children&#8217;s press conference with Union &#8220;soccer god&#8221; Grischa Pr\u00f6mel.<\/strong><\/p>\n<p>24 children from the &#8220;Fu\u00dfball trifft Kultur&#8221; program at the Zurich School in Neuk\u00f6lln took the S-Bahn and streetcar to the stadium at the Alte F\u00f6rsterei last Tuesday, April 5. For many it was the first time they had ever been to a stadium and for most of them it was also their first visit to the stadium at the Alte F\u00f6rsterei. So it was all the more pleasing when FC Union head coach Urs Fischer suddenly ran into them on arrival at the stadium and willingly allowed himself to be photographed with the children.  <\/p>\n<p>The tour started immediately afterwards. Thomas Maier from the FC Union Foundation first showed the children the statue of the 1968 cup winners at the entrance to the stadium, of course with the justified hint that the Unioners still have the prospect of winning the DFB Cup this year. The children couldn&#8217;t answer why the stadium at the Alte F\u00f6rsterei is called what it is, but Thomas Maier explained it to them in detail.  <\/p>\n<p>Later, they moved on to the stands. When one of the children asked for a ticket for a Union match, Thomas Maier had to disappoint him: &#8220;FC Union has 11,000 subscribers, who of course always get their tickets. 2,200 tickets go to fans of the visiting team and the remaining tickets are raffled off to members of FC Union Berlin. 21,717 people fit into the stadium.&#8221; During the rest of the tour, the children learned, among other things, that the stadium was co-built by the Union fans themselves. Inside the stadium, the kids were able to visit a box and take a look at the pitch from above.   <\/p>\n\t\t\t\t\t\t\t\t<\/div>\n\t\t\t\t<\/div>\n\t\t\t\t\t<\/div>\n\t\t\t\t<\/div>\n\t\t<div class=\"elementor-element elementor-element-641ec8b e-flex e-con-boxed e-con e-parent\" data-id=\"641ec8b\" data-element_type=\"container\">\n\t\t\t\t\t<div class=\"e-con-inner\">\n\t\t\t\t<div class=\"elementor-element elementor-element-d0c91fb gallery-spacing-custom elementor-widget elementor-widget-image-gallery\" data-id=\"d0c91fb\" data-element_type=\"widget\" data-widget_type=\"image-gallery.default\">\n\t\t\t\t<div class=\"elementor-widget-container\">\n\t\t\t\t\t\t\t<div class=\"elementor-image-gallery\">\n\t\t\t<div class=\"row gallery galleryid-10202 gallery-columns-4 gallery-size-full\" data-uk-grid-margin=\"\"><figure class=\"gallery-item\"><div class=\"gallery-icon landscape\"><a data-elementor-open-lightbox=\"yes\" data-elementor-lightbox-slideshow=\"d0c91fb\" data-elementor-lightbox-title=\"FtK meets Alte F\u00f6rsterei und Grischa Pr\u00f6mel-1\" data-e-action-hash=\"#elementor-action%3Aaction%3Dlightbox%26settings%3DeyJpZCI6MTAyMjcsInVybCI6Imh0dHBzOlwvXC93d3cuZnVzc2JhbGwtdHJpZmZ0LWt1bHR1ci5kZVwvd3AtY29udGVudFwvdXBsb2Fkc1wvRnRLLW1lZXRzLUFsdGUtRm9lcnN0ZXJlaS11bmQtR3Jpc2NoYS1Qcm9lbWVsLTEud2VicCIsInNsaWRlc2hvdyI6ImQwYzkxZmIifQ%3D%3D\" href='https:\/\/www.fussball-trifft-kultur.de\/wp-content\/uploads\/FtK-meets-Alte-Foersterei-und-Grischa-Proemel-1.webp'><img width=\"600\" height=\"338\" src=\"https:\/\/www.fussball-trifft-kultur.de\/wp-content\/uploads\/FtK-meets-Alte-Foersterei-und-Grischa-Proemel-1.webp\" class=\"attachment-full size-full\" alt=\"FtK meets Alte F\u00f6rsterei und Grischa Pr\u00f6mel\" decoding=\"async\" srcset=\"https:\/\/www.fussball-trifft-kultur.de\/wp-content\/uploads\/FtK-meets-Alte-Foersterei-und-Grischa-Proemel-1.webp 600w, https:\/\/www.fussball-trifft-kultur.de\/wp-content\/uploads\/FtK-meets-Alte-Foersterei-und-Grischa-Proemel-1-300x169.webp 300w\" sizes=\"(max-width: 600px) 100vw, 600px\" \/><\/a><\/div><\/figure><figure class=\"gallery-item\"><div class=\"gallery-icon landscape\"><a data-elementor-open-lightbox=\"yes\" data-elementor-lightbox-slideshow=\"d0c91fb\" data-elementor-lightbox-title=\"FtK meets Alte F\u00f6rsterei und Grischa Pr\u00f6mel-2\" data-e-action-hash=\"#elementor-action%3Aaction%3Dlightbox%26settings%3DeyJpZCI6MTAyMjksInVybCI6Imh0dHBzOlwvXC93d3cuZnVzc2JhbGwtdHJpZmZ0LWt1bHR1ci5kZVwvd3AtY29udGVudFwvdXBsb2Fkc1wvRnRLLW1lZXRzLUFsdGUtRm9lcnN0ZXJlaS11bmQtR3Jpc2NoYS1Qcm9lbWVsLTIud2VicCIsInNsaWRlc2hvdyI6ImQwYzkxZmIifQ%3D%3D\" href='https:\/\/www.fussball-trifft-kultur.de\/wp-content\/uploads\/FtK-meets-Alte-Foersterei-und-Grischa-Proemel-2.webp'><img width=\"600\" height=\"338\" src=\"https:\/\/www.fussball-trifft-kultur.de\/wp-content\/uploads\/FtK-meets-Alte-Foersterei-und-Grischa-Proemel-2.webp\" class=\"attachment-full size-full\" alt=\"FtK meets Alte F\u00f6rsterei und Grischa Pr\u00f6mel\" decoding=\"async\" srcset=\"https:\/\/www.fussball-trifft-kultur.de\/wp-content\/uploads\/FtK-meets-Alte-Foersterei-und-Grischa-Proemel-2.webp 600w, https:\/\/www.fussball-trifft-kultur.de\/wp-content\/uploads\/FtK-meets-Alte-Foersterei-und-Grischa-Proemel-2-300x169.webp 300w\" sizes=\"(max-width: 600px) 100vw, 600px\" \/><\/a><\/div><\/figure><figure class=\"gallery-item\"><div class=\"gallery-icon landscape\"><a data-elementor-open-lightbox=\"yes\" data-elementor-lightbox-slideshow=\"d0c91fb\" data-elementor-lightbox-title=\"FtK meets Alte F\u00f6rsterei und Grischa Pr\u00f6mel-3\" data-e-action-hash=\"#elementor-action%3Aaction%3Dlightbox%26settings%3DeyJpZCI6MTAyMjMsInVybCI6Imh0dHBzOlwvXC93d3cuZnVzc2JhbGwtdHJpZmZ0LWt1bHR1ci5kZVwvd3AtY29udGVudFwvdXBsb2Fkc1wvRnRLLW1lZXRzLUFsdGUtRm9lcnN0ZXJlaS11bmQtR3Jpc2NoYS1Qcm9lbWVsLTMud2VicCIsInNsaWRlc2hvdyI6ImQwYzkxZmIifQ%3D%3D\" href='https:\/\/www.fussball-trifft-kultur.de\/wp-content\/uploads\/FtK-meets-Alte-Foersterei-und-Grischa-Proemel-3.webp'><img loading=\"lazy\" width=\"600\" height=\"450\" src=\"https:\/\/www.fussball-trifft-kultur.de\/wp-content\/uploads\/FtK-meets-Alte-Foersterei-und-Grischa-Proemel-3.webp\" class=\"attachment-full size-full\" alt=\"FtK meets Alte F\u00f6rsterei und Grischa Pr\u00f6mel\" decoding=\"async\" srcset=\"https:\/\/www.fussball-trifft-kultur.de\/wp-content\/uploads\/FtK-meets-Alte-Foersterei-und-Grischa-Proemel-3.webp 600w, https:\/\/www.fussball-trifft-kultur.de\/wp-content\/uploads\/FtK-meets-Alte-Foersterei-und-Grischa-Proemel-3-300x225.webp 300w\" sizes=\"(max-width: 600px) 100vw, 600px\" \/><\/a><\/div><\/figure><figure class=\"gallery-item\"><div class=\"gallery-icon landscape\"><a data-elementor-open-lightbox=\"yes\" data-elementor-lightbox-slideshow=\"d0c91fb\" data-elementor-lightbox-title=\"FtK meets Alte F\u00f6rsterei und Grischa Pr\u00f6mel-4\" data-e-action-hash=\"#elementor-action%3Aaction%3Dlightbox%26settings%3DeyJpZCI6MTAyMjUsInVybCI6Imh0dHBzOlwvXC93d3cuZnVzc2JhbGwtdHJpZmZ0LWt1bHR1ci5kZVwvd3AtY29udGVudFwvdXBsb2Fkc1wvRnRLLW1lZXRzLUFsdGUtRm9lcnN0ZXJlaS11bmQtR3Jpc2NoYS1Qcm9lbWVsLTQud2VicCIsInNsaWRlc2hvdyI6ImQwYzkxZmIifQ%3D%3D\" href='https:\/\/www.fussball-trifft-kultur.de\/wp-content\/uploads\/FtK-meets-Alte-Foersterei-und-Grischa-Proemel-4.webp'><img loading=\"lazy\" width=\"600\" height=\"451\" src=\"https:\/\/www.fussball-trifft-kultur.de\/wp-content\/uploads\/FtK-meets-Alte-Foersterei-und-Grischa-Proemel-4.webp\" class=\"attachment-full size-full\" alt=\"FtK meets Alte F\u00f6rsterei und Grischa Pr\u00f6mel\" decoding=\"async\" srcset=\"https:\/\/www.fussball-trifft-kultur.de\/wp-content\/uploads\/FtK-meets-Alte-Foersterei-und-Grischa-Proemel-4.webp 600w, https:\/\/www.fussball-trifft-kultur.de\/wp-content\/uploads\/FtK-meets-Alte-Foersterei-und-Grischa-Proemel-4-300x226.webp 300w\" sizes=\"(max-width: 600px) 100vw, 600px\" \/><\/a><\/div><\/figure><\/div>\t\t<\/div>\n\t\t\t\t\t\t<\/div>\n\t\t\t\t<\/div>\n\t\t\t\t\t<\/div>\n\t\t\t\t<\/div>\n\t\t<div class=\"elementor-element elementor-element-d7ecaaa e-flex e-con-boxed e-con e-parent\" data-id=\"d7ecaaa\" data-element_type=\"container\">\n\t\t\t\t\t<div class=\"e-con-inner\">\n\t\t\t\t<div class=\"elementor-element elementor-element-0ed4dd4 elementor-widget elementor-widget-text-editor\" data-id=\"0ed4dd4\" data-element_type=\"widget\" data-widget_type=\"text-editor.default\">\n\t\t\t\t<div class=\"elementor-widget-container\">\n\t\t\t\t\t\t\t\t\t<p>Then it was off to the large event room, where the children were able to take their seats as if they were at a real press conference. The anticipation was great and the guest of honor was not long in coming: Grischa Pr\u00f6mel, &#8220;soccer god&#8221; and Union midfield ace, entered the room. With great journalistic interest, the children started straight away with their questions: &#8220;How old are you?&#8221;, &#8220;When did you start playing soccer?&#8221;, &#8220;Where did you play?&#8221;, &#8220;How much do you earn?&#8221;, &#8220;Do you have a favorite series?&#8221; and many more questions were put to Grischa Pr\u00f6mel.  <\/p>\n<p>For example, the children learned that Grischa was born in Stuttgart and used to play for Karlsruher SC. It is also interesting that Grischa doesn&#8217;t attach much importance to cars and therefore still drives the same one that his grandmother gave him for his 18th birthday. Grischa also revealed his favorite book: the biography of Andre Agassi &#8220;Open&#8221;. After more than 40 minutes of questions, Thomas Maier ended the children&#8217;s press conference and the children were of course able to get autographs. Grischa was even asked to sign anoraks after he had made sure that the child&#8217;s mother (apparently) didn&#8217;t mind.    <\/p>\n<p>After almost an hour, Grischa Pr\u00f6mel, who clearly enjoyed talking to the children, said goodbye. All in all, the children were able to get to know &#8220;their&#8221; club, FC Union Berlin, extensively on this day &#8211; exactly according to the motto of the <a href=\"https:\/\/www.fussball-trifft-kultur.de\/de\/ftk-clubchallenge-2022\" target=\"_blank\" rel=\"noopener noreferrer\"><em>FtK Club Challenge 2022<\/em><\/a>. The children were very happy about the great experience and had a lot to talk about on the way back.  <\/p>\n\t\t\t\t\t\t\t\t<\/div>\n\t\t\t\t<\/div>\n\t\t\t\t\t<\/div>\n\t\t\t\t<\/div>\n\t\t<div class=\"elementor-element elementor-element-bd432c9 e-flex e-con-boxed e-con e-parent\" data-id=\"bd432c9\" data-element_type=\"container\">\n\t\t\t\t\t<div class=\"e-con-inner\">\n\t\t\t\t\t<\/div>\n\t\t\t\t<\/div>\n\t\t\t\t<\/div>\n\t\t","protected":false},"excerpt":{"rendered":"<p>Two highlights awaited the children of the Zurich School in Berlin-K\u00f6penick this week: not only were they able to visit the venerable stadium at the Alte F\u00f6rsterei, but they also had the special pleasure of taking part in a children&#8217;s press conference with Union &#8220;soccer god&#8221; Grischa Pr\u00f6mel. 24 children from the &#8220;Fu\u00dfball trifft Kultur&#8221; [&hellip;]<\/p>\n","protected":false},"author":1,"featured_media":10217,"comment_status":"closed","ping_status":"closed","sticky":false,"template":"full-width.php","format":"standard","meta":{"_acf_changed":false,"footnotes":""},"categories":[142],"tags":[],"class_list":["post-10202","post","type-post","status-publish","format-standard","has-post-thumbnail","hentry","category-zuerich-schule-berlin-en"],"acf":[],"aioseo_notices":[],"_links":{"self":[{"href":"https:\/\/www.fussball-trifft-kultur.de\/en\/wp-json\/wp\/v2\/posts\/10202","targetHints":{"allow":["GET"]}}],"collection":[{"href":"https:\/\/www.fussball-trifft-kultur.de\/en\/wp-json\/wp\/v2\/posts"}],"about":[{"href":"https:\/\/www.fussball-trifft-kultur.de\/en\/wp-json\/wp\/v2\/types\/post"}],"author":[{"embeddable":true,"href":"https:\/\/www.fussball-trifft-kultur.de\/en\/wp-json\/wp\/v2\/users\/1"}],"replies":[{"embeddable":true,"href":"https:\/\/www.fussball-trifft-kultur.de\/en\/wp-json\/wp\/v2\/comments?post=10202"}],"version-history":[{"count":0,"href":"https:\/\/www.fussball-trifft-kultur.de\/en\/wp-json\/wp\/v2\/posts\/10202\/revisions"}],"wp:featuredmedia":[{"embeddable":true,"href":"https:\/\/www.fussball-trifft-kultur.de\/en\/wp-json\/wp\/v2\/media\/10217"}],"wp:attachment":[{"href":"https:\/\/www.fussball-trifft-kultur.de\/en\/wp-json\/wp\/v2\/media?parent=10202"}],"wp:term":[{"taxonomy":"category","embeddable":true,"href":"https:\/\/www.fussball-trifft-kultur.de\/en\/wp-json\/wp\/v2\/categories?post=10202"},{"taxonomy":"post_tag","embeddable":true,"href":"https:\/\/www.fussball-trifft-kultur.de\/en\/wp-json\/wp\/v2\/tags?post=10202"}],"curies":[{"name":"wp","href":"https:\/\/api.w.org\/{rel}","templated":true}]}}