{"id":9396,"date":"2023-01-03T12:58:56","date_gmt":"2023-01-03T12:58:56","guid":{"rendered":"https:\/\/www.fussball-trifft-kultur.de\/?p=9396"},"modified":"2024-12-16T13:57:12","modified_gmt":"2024-12-16T13:57:12","slug":"the-wild-bunch-as-guests-in-duesseldorf","status":"publish","type":"post","link":"https:\/\/www.fussball-trifft-kultur.de\/en\/the-wild-bunch-as-guests-in-duesseldorf\/","title":{"rendered":"The Wild Bunch as guests in D\u00fcsseldorf"},"content":{"rendered":"\t\t<div data-elementor-type=\"wp-post\" data-elementor-id=\"9396\" class=\"elementor elementor-9396 elementor-9395\">\n\t\t\t\t<div class=\"elementor-element elementor-element-893cce6 e-flex e-con-boxed e-con e-parent\" data-id=\"893cce6\" data-element_type=\"container\">\n\t\t\t\t\t<div class=\"e-con-inner\">\n\t\t\t\t<div class=\"elementor-element elementor-element-a1026c1 elementor-widget elementor-widget-image\" data-id=\"a1026c1\" data-element_type=\"widget\" data-widget_type=\"image.default\">\n\t\t\t\t<div class=\"elementor-widget-container\">\n\t\t\t\t\t\t\t\t\t\t\t\t\t\t\t<img fetchpriority=\"high\" decoding=\"async\" width=\"1000\" height=\"500\" src=\"https:\/\/www.fussball-trifft-kultur.de\/wp-content\/uploads\/2022\/12\/Die-Wilden-Kerle-zu-Gast-in-Duesseldorf.webp\" class=\"attachment-full size-full wp-image-9427\" alt=\"Die Wilden Kerle zu Gast in D\u00fcsseldorf\" srcset=\"https:\/\/www.fussball-trifft-kultur.de\/wp-content\/uploads\/2022\/12\/Die-Wilden-Kerle-zu-Gast-in-Duesseldorf.webp 1000w, https:\/\/www.fussball-trifft-kultur.de\/wp-content\/uploads\/2022\/12\/Die-Wilden-Kerle-zu-Gast-in-Duesseldorf-300x150.webp 300w, https:\/\/www.fussball-trifft-kultur.de\/wp-content\/uploads\/2022\/12\/Die-Wilden-Kerle-zu-Gast-in-Duesseldorf-768x384.webp 768w\" sizes=\"(max-width: 1000px) 100vw, 1000px\" \/>\t\t\t\t\t\t\t\t\t\t\t\t\t\t\t<\/div>\n\t\t\t\t<\/div>\n\t\t\t\t\t<\/div>\n\t\t\t\t<\/div>\n\t\t<div class=\"elementor-element elementor-element-2794f834 e-flex e-con-boxed e-con e-parent\" data-id=\"2794f834\" data-element_type=\"container\">\n\t\t\t\t\t<div class=\"e-con-inner\">\n\t\t\t\t<div class=\"elementor-element elementor-element-7f1869e8 elementor-widget elementor-widget-text-editor\" data-id=\"7f1869e8\" data-element_type=\"widget\" data-widget_type=\"text-editor.default\">\n\t\t\t\t<div class=\"elementor-widget-container\">\n\t\t\t\t\t\t\t\t\t<p><strong><em>A very special highlight awaited the D\u00fcsseldorf FtK group this winter &#8211; &#8220;Die Wilden Kerle&#8221; cult author Joachim Masannek paid the children a visit at the Merkur-Spiel-Arena.<br \/><\/em><\/strong><\/p>\n<p>After a successful tour of the arena in midsummer of the 2021\/22 school year &#8211; with a look behind the sacred halls of the players and officials, dressing rooms, press box, training pitches, but also first steps on the Fortuna D\u00fcsseldorf pitch and other non-public spaces &#8211; there was a reading in the winter of this school year as part of <a href=\"https:\/\/www.litcam.de\/de\/lese-kicker\" target=\"_blank\" rel=\"noopener noreferrer\">Lese-Kicker 2022<\/a> in honour of the young heroes of the Flurstra\u00dfe community elementary school in D\u00fcsseldorf. The meeting point for all &#8220;Fu\u00dfball trifft Kultur&#8221; participants was the Bundesliga club&#8217;s home ground &#8211; the Merkur-Spiel-Arena. <\/p>\n<p>In a good mood and kissed by the midday sun, everyone made their way through the already familiar arena towards the grandstand seats. To be precise, to the VIP seats, what a great atmosphere! Before the official reading began, the audience was treated to an entertaining anecdote about the beginnings of the Wild Bunch, the &#8220;real&#8221; Wild Bunch. After all, Joachim Masannek is not only the director, screenwriter and children&#8217;s book author of the Wild Bunch, but also their coach and father! An internationally renowned story of the young footballers that is actually based on true events.    <\/p>\n\t\t\t\t\t\t\t\t<\/div>\n\t\t\t\t<\/div>\n\t\t\t\t\t<\/div>\n\t\t\t\t<\/div>\n\t\t<div class=\"elementor-element elementor-element-2812417 e-flex e-con-boxed e-con e-parent\" data-id=\"2812417\" data-element_type=\"container\">\n\t\t\t\t\t<div class=\"e-con-inner\">\n\t\t\t\t<div class=\"elementor-element elementor-element-5afbef5 gallery-spacing-custom elementor-widget elementor-widget-image-gallery\" data-id=\"5afbef5\" data-element_type=\"widget\" data-widget_type=\"image-gallery.default\">\n\t\t\t\t<div class=\"elementor-widget-container\">\n\t\t\t\t\t\t\t<div class=\"elementor-image-gallery\">\n\t\t\t<div id='gallery-1' class='gallery galleryid-9396 gallery-columns-4 gallery-size-full'><figure class='gallery-item'>\n\t\t\t<div class='gallery-icon landscape'>\n\t\t\t\t<a data-elementor-open-lightbox=\"yes\" data-elementor-lightbox-slideshow=\"5afbef5\" data-elementor-lightbox-title=\"Die Wilden Kerle zu Gast in D\u00fcsseldorf-1\" data-e-action-hash=\"#elementor-action%3Aaction%3Dlightbox%26settings%3DeyJpZCI6OTQyOSwidXJsIjoiaHR0cHM6XC9cL3d3dy5mdXNzYmFsbC10cmlmZnQta3VsdHVyLmRlXC93cC1jb250ZW50XC91cGxvYWRzXC8yMDIyXC8xMlwvRGllLVdpbGRlbi1LZXJsZS16dS1HYXN0LWluLUR1ZXNzZWxkb3JmLTEud2VicCIsInNsaWRlc2hvdyI6IjVhZmJlZjUifQ%3D%3D\" href='https:\/\/www.fussball-trifft-kultur.de\/wp-content\/uploads\/2022\/12\/Die-Wilden-Kerle-zu-Gast-in-Duesseldorf-1.webp'><img decoding=\"async\" width=\"600\" height=\"450\" src=\"https:\/\/www.fussball-trifft-kultur.de\/wp-content\/uploads\/2022\/12\/Die-Wilden-Kerle-zu-Gast-in-Duesseldorf-1.webp\" class=\"attachment-full size-full\" alt=\"Die Wilden Kerle zu Gast in D\u00fcsseldorf\" srcset=\"https:\/\/www.fussball-trifft-kultur.de\/wp-content\/uploads\/2022\/12\/Die-Wilden-Kerle-zu-Gast-in-Duesseldorf-1.webp 600w, https:\/\/www.fussball-trifft-kultur.de\/wp-content\/uploads\/2022\/12\/Die-Wilden-Kerle-zu-Gast-in-Duesseldorf-1-300x225.webp 300w\" sizes=\"(max-width: 600px) 100vw, 600px\" \/><\/a>\n\t\t\t<\/div><\/figure><figure class='gallery-item'>\n\t\t\t<div class='gallery-icon landscape'>\n\t\t\t\t<a data-elementor-open-lightbox=\"yes\" data-elementor-lightbox-slideshow=\"5afbef5\" data-elementor-lightbox-title=\"Die Wilden Kerle zu Gast in D\u00fcsseldorf-2\" data-e-action-hash=\"#elementor-action%3Aaction%3Dlightbox%26settings%3DeyJpZCI6OTQzMSwidXJsIjoiaHR0cHM6XC9cL3d3dy5mdXNzYmFsbC10cmlmZnQta3VsdHVyLmRlXC93cC1jb250ZW50XC91cGxvYWRzXC8yMDIyXC8xMlwvRGllLVdpbGRlbi1LZXJsZS16dS1HYXN0LWluLUR1ZXNzZWxkb3JmLTIud2VicCIsInNsaWRlc2hvdyI6IjVhZmJlZjUifQ%3D%3D\" href='https:\/\/www.fussball-trifft-kultur.de\/wp-content\/uploads\/2022\/12\/Die-Wilden-Kerle-zu-Gast-in-Duesseldorf-2.webp'><img decoding=\"async\" width=\"600\" height=\"450\" src=\"https:\/\/www.fussball-trifft-kultur.de\/wp-content\/uploads\/2022\/12\/Die-Wilden-Kerle-zu-Gast-in-Duesseldorf-2.webp\" class=\"attachment-full size-full\" alt=\"Die Wilden Kerle zu Gast in D\u00fcsseldorf\" srcset=\"https:\/\/www.fussball-trifft-kultur.de\/wp-content\/uploads\/2022\/12\/Die-Wilden-Kerle-zu-Gast-in-Duesseldorf-2.webp 600w, https:\/\/www.fussball-trifft-kultur.de\/wp-content\/uploads\/2022\/12\/Die-Wilden-Kerle-zu-Gast-in-Duesseldorf-2-300x225.webp 300w\" sizes=\"(max-width: 600px) 100vw, 600px\" \/><\/a>\n\t\t\t<\/div><\/figure><figure class='gallery-item'>\n\t\t\t<div class='gallery-icon landscape'>\n\t\t\t\t<a data-elementor-open-lightbox=\"yes\" data-elementor-lightbox-slideshow=\"5afbef5\" data-elementor-lightbox-title=\"Die Wilden Kerle zu Gast in D\u00fcsseldorf-3\" data-e-action-hash=\"#elementor-action%3Aaction%3Dlightbox%26settings%3DeyJpZCI6OTQzMywidXJsIjoiaHR0cHM6XC9cL3d3dy5mdXNzYmFsbC10cmlmZnQta3VsdHVyLmRlXC93cC1jb250ZW50XC91cGxvYWRzXC8yMDIyXC8xMlwvRGllLVdpbGRlbi1LZXJsZS16dS1HYXN0LWluLUR1ZXNzZWxkb3JmLTMud2VicCIsInNsaWRlc2hvdyI6IjVhZmJlZjUifQ%3D%3D\" href='https:\/\/www.fussball-trifft-kultur.de\/wp-content\/uploads\/2022\/12\/Die-Wilden-Kerle-zu-Gast-in-Duesseldorf-3.webp'><img loading=\"lazy\" decoding=\"async\" width=\"600\" height=\"450\" src=\"https:\/\/www.fussball-trifft-kultur.de\/wp-content\/uploads\/2022\/12\/Die-Wilden-Kerle-zu-Gast-in-Duesseldorf-3.webp\" class=\"attachment-full size-full\" alt=\"Die Wilden Kerle zu Gast in D\u00fcsseldorf\" srcset=\"https:\/\/www.fussball-trifft-kultur.de\/wp-content\/uploads\/2022\/12\/Die-Wilden-Kerle-zu-Gast-in-Duesseldorf-3.webp 600w, https:\/\/www.fussball-trifft-kultur.de\/wp-content\/uploads\/2022\/12\/Die-Wilden-Kerle-zu-Gast-in-Duesseldorf-3-300x225.webp 300w\" sizes=\"(max-width: 600px) 100vw, 600px\" \/><\/a>\n\t\t\t<\/div><\/figure><figure class='gallery-item'>\n\t\t\t<div class='gallery-icon landscape'>\n\t\t\t\t<a data-elementor-open-lightbox=\"yes\" data-elementor-lightbox-slideshow=\"5afbef5\" data-elementor-lightbox-title=\"Die Wilden Kerle zu Gast in D\u00fcsseldorf-4\" data-e-action-hash=\"#elementor-action%3Aaction%3Dlightbox%26settings%3DeyJpZCI6OTQzNSwidXJsIjoiaHR0cHM6XC9cL3d3dy5mdXNzYmFsbC10cmlmZnQta3VsdHVyLmRlXC93cC1jb250ZW50XC91cGxvYWRzXC8yMDIyXC8xMlwvRGllLVdpbGRlbi1LZXJsZS16dS1HYXN0LWluLUR1ZXNzZWxkb3JmLTQud2VicCIsInNsaWRlc2hvdyI6IjVhZmJlZjUifQ%3D%3D\" href='https:\/\/www.fussball-trifft-kultur.de\/wp-content\/uploads\/2022\/12\/Die-Wilden-Kerle-zu-Gast-in-Duesseldorf-4.webp'><img loading=\"lazy\" decoding=\"async\" width=\"600\" height=\"450\" src=\"https:\/\/www.fussball-trifft-kultur.de\/wp-content\/uploads\/2022\/12\/Die-Wilden-Kerle-zu-Gast-in-Duesseldorf-4.webp\" class=\"attachment-full size-full\" alt=\"Die Wilden Kerle zu Gast in D\u00fcsseldorf\" srcset=\"https:\/\/www.fussball-trifft-kultur.de\/wp-content\/uploads\/2022\/12\/Die-Wilden-Kerle-zu-Gast-in-Duesseldorf-4.webp 600w, https:\/\/www.fussball-trifft-kultur.de\/wp-content\/uploads\/2022\/12\/Die-Wilden-Kerle-zu-Gast-in-Duesseldorf-4-300x225.webp 300w\" sizes=\"(max-width: 600px) 100vw, 600px\" \/><\/a>\n\t\t\t<\/div><\/figure>\n\t\t<\/div>\n\t\t<\/div>\n\t\t\t\t\t\t<\/div>\n\t\t\t\t<\/div>\n\t\t\t\t\t<\/div>\n\t\t\t\t<\/div>\n\t\t<div class=\"elementor-element elementor-element-fdf0584 e-flex e-con-boxed e-con e-parent\" data-id=\"fdf0584\" data-element_type=\"container\">\n\t\t\t\t\t<div class=\"e-con-inner\">\n\t\t\t\t<div class=\"elementor-element elementor-element-6222671 elementor-widget elementor-widget-text-editor\" data-id=\"6222671\" data-element_type=\"widget\" data-widget_type=\"text-editor.default\">\n\t\t\t\t<div class=\"elementor-widget-container\">\n\t\t\t\t\t\t\t\t\t<p>After the reading, the children were of course allowed to get autographs from the cult author. In summary, it can be said that the children were very enthusiastic about Mr. Masannek&#8217;s reading, as he was very entertaining and skillfully involved his audience. The children were able to participate interactively in the story and &#8220;help tell&#8221; it. In addition to the reading, the children also really enjoyed the book &#8220;Die Wilden Kerle &#8211; Juli und der geheime Joker&#8221;.   <\/p>\n\t\t\t\t\t\t\t\t<\/div>\n\t\t\t\t<\/div>\n\t\t\t\t\t<\/div>\n\t\t\t\t<\/div>\n\t\t<div class=\"elementor-element elementor-element-bd432c9 e-flex e-con-boxed e-con e-parent\" data-id=\"bd432c9\" data-element_type=\"container\">\n\t\t\t\t\t<div class=\"e-con-inner\">\n\t\t\t\t\t<\/div>\n\t\t\t\t<\/div>\n\t\t\t\t<\/div>\n\t\t","protected":false},"excerpt":{"rendered":"<p>A very special highlight awaited the D\u00fcsseldorf FtK group this winter &#8211; &#8220;Die Wilden Kerle&#8221; cult author Joachim Masannek paid the children a visit at the Merkur-Spiel-Arena. After a successful tour of the arena in midsummer of the 2021\/22 school year &#8211; with a look behind the sacred halls of the players and officials, dressing [&hellip;]<\/p>\n","protected":false},"author":1,"featured_media":9427,"comment_status":"open","ping_status":"open","sticky":false,"template":"full-width.php","format":"standard","meta":{"_acf_changed":false,"footnotes":""},"categories":[76],"tags":[],"class_list":["post-9396","post","type-post","status-publish","format-standard","has-post-thumbnail","hentry","category-latest-news"],"acf":[],"aioseo_notices":[],"_links":{"self":[{"href":"https:\/\/www.fussball-trifft-kultur.de\/en\/wp-json\/wp\/v2\/posts\/9396","targetHints":{"allow":["GET"]}}],"collection":[{"href":"https:\/\/www.fussball-trifft-kultur.de\/en\/wp-json\/wp\/v2\/posts"}],"about":[{"href":"https:\/\/www.fussball-trifft-kultur.de\/en\/wp-json\/wp\/v2\/types\/post"}],"author":[{"embeddable":true,"href":"https:\/\/www.fussball-trifft-kultur.de\/en\/wp-json\/wp\/v2\/users\/1"}],"replies":[{"embeddable":true,"href":"https:\/\/www.fussball-trifft-kultur.de\/en\/wp-json\/wp\/v2\/comments?post=9396"}],"version-history":[{"count":0,"href":"https:\/\/www.fussball-trifft-kultur.de\/en\/wp-json\/wp\/v2\/posts\/9396\/revisions"}],"wp:featuredmedia":[{"embeddable":true,"href":"https:\/\/www.fussball-trifft-kultur.de\/en\/wp-json\/wp\/v2\/media\/9427"}],"wp:attachment":[{"href":"https:\/\/www.fussball-trifft-kultur.de\/en\/wp-json\/wp\/v2\/media?parent=9396"}],"wp:term":[{"taxonomy":"category","embeddable":true,"href":"https:\/\/www.fussball-trifft-kultur.de\/en\/wp-json\/wp\/v2\/categories?post=9396"},{"taxonomy":"post_tag","embeddable":true,"href":"https:\/\/www.fussball-trifft-kultur.de\/en\/wp-json\/wp\/v2\/tags?post=9396"}],"curies":[{"name":"wp","href":"https:\/\/api.w.org\/{rel}","templated":true}]}}