{"id":9572,"date":"2022-05-02T15:32:25","date_gmt":"2022-05-02T15:32:25","guid":{"rendered":"https:\/\/www.fussball-trifft-kultur.de\/?p=9572"},"modified":"2024-12-16T14:00:38","modified_gmt":"2024-12-16T14:00:38","slug":"childrens-press-conference-at-vfl-bochum","status":"publish","type":"post","link":"https:\/\/www.fussball-trifft-kultur.de\/en\/childrens-press-conference-at-vfl-bochum\/","title":{"rendered":"Children&#8217;s press conference at VfL Bochum"},"content":{"rendered":"\t\t<div data-elementor-type=\"wp-post\" data-elementor-id=\"9572\" class=\"elementor elementor-9572 elementor-9571\">\n\t\t\t\t<div class=\"elementor-element elementor-element-893cce6 e-flex e-con-boxed e-con e-parent\" data-id=\"893cce6\" data-element_type=\"container\">\n\t\t\t\t\t<div class=\"e-con-inner\">\n\t\t\t\t\t<\/div>\n\t\t\t\t<\/div>\n\t\t<div class=\"elementor-element elementor-element-9ac52b2 e-flex e-con-boxed e-con e-parent\" data-id=\"9ac52b2\" data-element_type=\"container\">\n\t\t\t\t\t<div class=\"e-con-inner\">\n\t\t\t\t<div class=\"elementor-element elementor-element-18ebaa5 elementor-widget elementor-widget-image\" data-id=\"18ebaa5\" data-element_type=\"widget\" data-widget_type=\"image.default\">\n\t\t\t\t<div class=\"elementor-widget-container\">\n\t\t\t\t\t\t\t\t\t\t\t\t\t\t\t<img fetchpriority=\"high\" decoding=\"async\" width=\"1000\" height=\"500\" src=\"https:\/\/www.fussball-trifft-kultur.de\/wp-content\/uploads\/2024\/10\/Kinderpressekonferenz-beim-VfL-Bochum.webp\" class=\"attachment-full size-full wp-image-9566\" alt=\"Kinderpressekonferenz beim VfL Bochum\" srcset=\"https:\/\/www.fussball-trifft-kultur.de\/wp-content\/uploads\/2024\/10\/Kinderpressekonferenz-beim-VfL-Bochum.webp 1000w, https:\/\/www.fussball-trifft-kultur.de\/wp-content\/uploads\/2024\/10\/Kinderpressekonferenz-beim-VfL-Bochum-300x150.webp 300w, https:\/\/www.fussball-trifft-kultur.de\/wp-content\/uploads\/2024\/10\/Kinderpressekonferenz-beim-VfL-Bochum-768x384.webp 768w\" sizes=\"(max-width: 1000px) 100vw, 1000px\" \/>\t\t\t\t\t\t\t\t\t\t\t\t\t\t\t<\/div>\n\t\t\t\t<\/div>\n\t\t\t\t\t<\/div>\n\t\t\t\t<\/div>\n\t\t<div class=\"elementor-element elementor-element-2794f834 e-flex e-con-boxed e-con e-parent\" data-id=\"2794f834\" data-element_type=\"container\">\n\t\t\t\t\t<div class=\"e-con-inner\">\n\t\t\t\t<div class=\"elementor-element elementor-element-7f1869e8 elementor-widget elementor-widget-text-editor\" data-id=\"7f1869e8\" data-element_type=\"widget\" data-widget_type=\"text-editor.default\">\n\t\t\t\t<div class=\"elementor-widget-container\">\n\t\t\t\t\t\t\t\t\t<p><strong><em>Many kids dream of meeting a real professional footballer. For the boys and girls from &#8220;Fu\u00dfball trifft Kultur&#8221; at the Werner von Siemens School, this dream came true. <br \/><\/em><\/strong><\/p>\n<p>On Tuesday, April 28, the children from the Bochum &#8220;Fu\u00dfball trifft Kultur&#8221; group went on a short trip to the Vonovia Stadium. The 22 girls and boys had the opportunity to meet their new sponsor in person at a children&#8217;s press conference in the Stadtwerke Bochum LOUNGE: Christopher Antwi-Adjei, professional footballer at VfL Bochum, answered the pupils&#8217; questions directly and won their affection in no time at all. <\/p>\n\t\t\t\t\t\t\t\t<\/div>\n\t\t\t\t<\/div>\n\t\t\t\t\t<\/div>\n\t\t\t\t<\/div>\n\t\t<div class=\"elementor-element elementor-element-641ec8b e-flex e-con-boxed e-con e-parent\" data-id=\"641ec8b\" data-element_type=\"container\">\n\t\t\t\t\t<div class=\"e-con-inner\">\n\t\t\t\t<div class=\"elementor-element elementor-element-d0c91fb gallery-spacing-custom elementor-widget elementor-widget-image-gallery\" data-id=\"d0c91fb\" data-element_type=\"widget\" data-widget_type=\"image-gallery.default\">\n\t\t\t\t<div class=\"elementor-widget-container\">\n\t\t\t\t\t\t\t<div class=\"elementor-image-gallery\">\n\t\t\t<div id='gallery-1' class='gallery galleryid-9572 gallery-columns-4 gallery-size-full'><figure class='gallery-item'>\n\t\t\t<div class='gallery-icon landscape'>\n\t\t\t\t<a data-elementor-open-lightbox=\"yes\" data-elementor-lightbox-slideshow=\"d0c91fb\" data-elementor-lightbox-title=\"Kinderpressekonferenz beim VfL Bochum-1\" data-e-action-hash=\"#elementor-action%3Aaction%3Dlightbox%26settings%3DeyJpZCI6OTU2OCwidXJsIjoiaHR0cHM6XC9cL3d3dy5mdXNzYmFsbC10cmlmZnQta3VsdHVyLmRlXC93cC1jb250ZW50XC91cGxvYWRzXC8yMDI0XC8xMFwvS2luZGVycHJlc3Nla29uZmVyZW56LWJlaW0tVmZMLUJvY2h1bS0xLndlYnAiLCJzbGlkZXNob3ciOiJkMGM5MWZiIn0%3D\" href='https:\/\/www.fussball-trifft-kultur.de\/wp-content\/uploads\/2024\/10\/Kinderpressekonferenz-beim-VfL-Bochum-1.webp'><img decoding=\"async\" width=\"600\" height=\"449\" src=\"https:\/\/www.fussball-trifft-kultur.de\/wp-content\/uploads\/2024\/10\/Kinderpressekonferenz-beim-VfL-Bochum-1.webp\" class=\"attachment-full size-full\" alt=\"Kinderpressekonferenz beim VfL Bochum\" aria-describedby=\"gallery-1-9568\" srcset=\"https:\/\/www.fussball-trifft-kultur.de\/wp-content\/uploads\/2024\/10\/Kinderpressekonferenz-beim-VfL-Bochum-1.webp 600w, https:\/\/www.fussball-trifft-kultur.de\/wp-content\/uploads\/2024\/10\/Kinderpressekonferenz-beim-VfL-Bochum-1-300x225.webp 300w\" sizes=\"(max-width: 600px) 100vw, 600px\" \/><\/a>\n\t\t\t<\/div>\n\t\t\t\t<figcaption class='wp-caption-text gallery-caption' id='gallery-1-9568'>\n\t\t\t\tEinen echten Profi-Fu\u00dfballer treffen \u2013 davon tr\u00e4umen viele Kids. F\u00fcr die Jungs und M\u00e4dchen von \u201eFu\u00dfball trifft Kultur\u201c an der Werner von Siemens Schule ging dieser Traum in Erf\u00fcllung.  Am Dienstag, den 28. April, ging es f\u00fcr die Kinder aus der Bochumer \u201eFu\u00dfball trifft Kultur\u201c-Gruppe auf eine kleine Reise ins Vonovia Stadion. Die 22 M\u00e4dchen und Jungen hatten die Gelegenheit, im Rahmen einer Kinder-Pressekonferenz in der Stadtwerke Bochum LOUNGE, ihren neuen Paten pers\u00f6nlich kennen zu lernen: Christopher Antwi-Adjei, Fu\u00dfballprofi des VfL Bochum, stellte sich direkt den Fragen der Sch\u00fclerinnen und Sch\u00fclern und gewann in Windeseile ihre Sympathie.\n\t\t\t\t<\/figcaption><\/figure><figure class='gallery-item'>\n\t\t\t<div class='gallery-icon landscape'>\n\t\t\t\t<a data-elementor-open-lightbox=\"yes\" data-elementor-lightbox-slideshow=\"d0c91fb\" data-elementor-lightbox-title=\"Kinderpressekonferenz beim VfL Bochum-2\" data-e-action-hash=\"#elementor-action%3Aaction%3Dlightbox%26settings%3DeyJpZCI6OTU3MCwidXJsIjoiaHR0cHM6XC9cL3d3dy5mdXNzYmFsbC10cmlmZnQta3VsdHVyLmRlXC93cC1jb250ZW50XC91cGxvYWRzXC8yMDI0XC8xMFwvS2luZGVycHJlc3Nla29uZmVyZW56LWJlaW0tVmZMLUJvY2h1bS0yLndlYnAiLCJzbGlkZXNob3ciOiJkMGM5MWZiIn0%3D\" href='https:\/\/www.fussball-trifft-kultur.de\/wp-content\/uploads\/2024\/10\/Kinderpressekonferenz-beim-VfL-Bochum-2.webp'><img decoding=\"async\" width=\"600\" height=\"449\" src=\"https:\/\/www.fussball-trifft-kultur.de\/wp-content\/uploads\/2024\/10\/Kinderpressekonferenz-beim-VfL-Bochum-2.webp\" class=\"attachment-full size-full\" alt=\"Kinderpressekonferenz beim VfL Bochum\" srcset=\"https:\/\/www.fussball-trifft-kultur.de\/wp-content\/uploads\/2024\/10\/Kinderpressekonferenz-beim-VfL-Bochum-2.webp 600w, https:\/\/www.fussball-trifft-kultur.de\/wp-content\/uploads\/2024\/10\/Kinderpressekonferenz-beim-VfL-Bochum-2-300x225.webp 300w\" sizes=\"(max-width: 600px) 100vw, 600px\" \/><\/a>\n\t\t\t<\/div><\/figure><figure class='gallery-item'>\n\t\t\t<div class='gallery-icon landscape'>\n\t\t\t\t<a data-elementor-open-lightbox=\"yes\" data-elementor-lightbox-slideshow=\"d0c91fb\" data-elementor-lightbox-title=\"Kinderpressekonferenz beim VfL Bochum-3\" data-e-action-hash=\"#elementor-action%3Aaction%3Dlightbox%26settings%3DeyJpZCI6OTU1NCwidXJsIjoiaHR0cHM6XC9cL3d3dy5mdXNzYmFsbC10cmlmZnQta3VsdHVyLmRlXC93cC1jb250ZW50XC91cGxvYWRzXC8yMDI0XC8xMFwvS2luZGVycHJlc3Nla29uZmVyZW56LWJlaW0tVmZMLUJvY2h1bS0zLndlYnAiLCJzbGlkZXNob3ciOiJkMGM5MWZiIn0%3D\" href='https:\/\/www.fussball-trifft-kultur.de\/wp-content\/uploads\/2024\/10\/Kinderpressekonferenz-beim-VfL-Bochum-3.webp'><img loading=\"lazy\" decoding=\"async\" width=\"600\" height=\"449\" src=\"https:\/\/www.fussball-trifft-kultur.de\/wp-content\/uploads\/2024\/10\/Kinderpressekonferenz-beim-VfL-Bochum-3.webp\" class=\"attachment-full size-full\" alt=\"Kinderpressekonferenz beim VfL Bochum\" srcset=\"https:\/\/www.fussball-trifft-kultur.de\/wp-content\/uploads\/2024\/10\/Kinderpressekonferenz-beim-VfL-Bochum-3.webp 600w, https:\/\/www.fussball-trifft-kultur.de\/wp-content\/uploads\/2024\/10\/Kinderpressekonferenz-beim-VfL-Bochum-3-300x225.webp 300w\" sizes=\"(max-width: 600px) 100vw, 600px\" \/><\/a>\n\t\t\t<\/div><\/figure><figure class='gallery-item'>\n\t\t\t<div class='gallery-icon landscape'>\n\t\t\t\t<a data-elementor-open-lightbox=\"yes\" data-elementor-lightbox-slideshow=\"d0c91fb\" data-elementor-lightbox-title=\"Kinderpressekonferenz beim VfL Bochum-4\" data-e-action-hash=\"#elementor-action%3Aaction%3Dlightbox%26settings%3DeyJpZCI6OTU1NiwidXJsIjoiaHR0cHM6XC9cL3d3dy5mdXNzYmFsbC10cmlmZnQta3VsdHVyLmRlXC93cC1jb250ZW50XC91cGxvYWRzXC8yMDI0XC8xMFwvS2luZGVycHJlc3Nla29uZmVyZW56LWJlaW0tVmZMLUJvY2h1bS00LndlYnAiLCJzbGlkZXNob3ciOiJkMGM5MWZiIn0%3D\" href='https:\/\/www.fussball-trifft-kultur.de\/wp-content\/uploads\/2024\/10\/Kinderpressekonferenz-beim-VfL-Bochum-4.webp'><img loading=\"lazy\" decoding=\"async\" width=\"600\" height=\"449\" src=\"https:\/\/www.fussball-trifft-kultur.de\/wp-content\/uploads\/2024\/10\/Kinderpressekonferenz-beim-VfL-Bochum-4.webp\" class=\"attachment-full size-full\" alt=\"Kinderpressekonferenz beim VfL Bochum\" srcset=\"https:\/\/www.fussball-trifft-kultur.de\/wp-content\/uploads\/2024\/10\/Kinderpressekonferenz-beim-VfL-Bochum-4.webp 600w, https:\/\/www.fussball-trifft-kultur.de\/wp-content\/uploads\/2024\/10\/Kinderpressekonferenz-beim-VfL-Bochum-4-300x225.webp 300w\" sizes=\"(max-width: 600px) 100vw, 600px\" \/><\/a>\n\t\t\t<\/div><\/figure><figure class='gallery-item'>\n\t\t\t<div class='gallery-icon landscape'>\n\t\t\t\t<a data-elementor-open-lightbox=\"yes\" data-elementor-lightbox-slideshow=\"d0c91fb\" data-elementor-lightbox-title=\"Kinderpressekonferenz beim VfL Bochum-5\" data-e-action-hash=\"#elementor-action%3Aaction%3Dlightbox%26settings%3DeyJpZCI6OTU1OCwidXJsIjoiaHR0cHM6XC9cL3d3dy5mdXNzYmFsbC10cmlmZnQta3VsdHVyLmRlXC93cC1jb250ZW50XC91cGxvYWRzXC8yMDI0XC8xMFwvS2luZGVycHJlc3Nla29uZmVyZW56LWJlaW0tVmZMLUJvY2h1bS01LndlYnAiLCJzbGlkZXNob3ciOiJkMGM5MWZiIn0%3D\" href='https:\/\/www.fussball-trifft-kultur.de\/wp-content\/uploads\/2024\/10\/Kinderpressekonferenz-beim-VfL-Bochum-5.webp'><img loading=\"lazy\" decoding=\"async\" width=\"600\" height=\"449\" src=\"https:\/\/www.fussball-trifft-kultur.de\/wp-content\/uploads\/2024\/10\/Kinderpressekonferenz-beim-VfL-Bochum-5.webp\" class=\"attachment-full size-full\" alt=\"Kinderpressekonferenz beim VfL Bochum\" srcset=\"https:\/\/www.fussball-trifft-kultur.de\/wp-content\/uploads\/2024\/10\/Kinderpressekonferenz-beim-VfL-Bochum-5.webp 600w, https:\/\/www.fussball-trifft-kultur.de\/wp-content\/uploads\/2024\/10\/Kinderpressekonferenz-beim-VfL-Bochum-5-300x225.webp 300w\" sizes=\"(max-width: 600px) 100vw, 600px\" \/><\/a>\n\t\t\t<\/div><\/figure><figure class='gallery-item'>\n\t\t\t<div class='gallery-icon landscape'>\n\t\t\t\t<a data-elementor-open-lightbox=\"yes\" data-elementor-lightbox-slideshow=\"d0c91fb\" data-elementor-lightbox-title=\"Kinderpressekonferenz beim VfL Bochum-6\" data-e-action-hash=\"#elementor-action%3Aaction%3Dlightbox%26settings%3DeyJpZCI6OTU2MCwidXJsIjoiaHR0cHM6XC9cL3d3dy5mdXNzYmFsbC10cmlmZnQta3VsdHVyLmRlXC93cC1jb250ZW50XC91cGxvYWRzXC8yMDI0XC8xMFwvS2luZGVycHJlc3Nla29uZmVyZW56LWJlaW0tVmZMLUJvY2h1bS02LndlYnAiLCJzbGlkZXNob3ciOiJkMGM5MWZiIn0%3D\" href='https:\/\/www.fussball-trifft-kultur.de\/wp-content\/uploads\/2024\/10\/Kinderpressekonferenz-beim-VfL-Bochum-6.webp'><img loading=\"lazy\" decoding=\"async\" width=\"600\" height=\"449\" src=\"https:\/\/www.fussball-trifft-kultur.de\/wp-content\/uploads\/2024\/10\/Kinderpressekonferenz-beim-VfL-Bochum-6.webp\" class=\"attachment-full size-full\" alt=\"Kinderpressekonferenz beim VfL Bochum\" srcset=\"https:\/\/www.fussball-trifft-kultur.de\/wp-content\/uploads\/2024\/10\/Kinderpressekonferenz-beim-VfL-Bochum-6.webp 600w, https:\/\/www.fussball-trifft-kultur.de\/wp-content\/uploads\/2024\/10\/Kinderpressekonferenz-beim-VfL-Bochum-6-300x225.webp 300w\" sizes=\"(max-width: 600px) 100vw, 600px\" \/><\/a>\n\t\t\t<\/div><\/figure><figure class='gallery-item'>\n\t\t\t<div class='gallery-icon landscape'>\n\t\t\t\t<a data-elementor-open-lightbox=\"yes\" data-elementor-lightbox-slideshow=\"d0c91fb\" data-elementor-lightbox-title=\"Kinderpressekonferenz beim VfL Bochum-7\" data-e-action-hash=\"#elementor-action%3Aaction%3Dlightbox%26settings%3DeyJpZCI6OTU2MiwidXJsIjoiaHR0cHM6XC9cL3d3dy5mdXNzYmFsbC10cmlmZnQta3VsdHVyLmRlXC93cC1jb250ZW50XC91cGxvYWRzXC8yMDI0XC8xMFwvS2luZGVycHJlc3Nla29uZmVyZW56LWJlaW0tVmZMLUJvY2h1bS03LndlYnAiLCJzbGlkZXNob3ciOiJkMGM5MWZiIn0%3D\" href='https:\/\/www.fussball-trifft-kultur.de\/wp-content\/uploads\/2024\/10\/Kinderpressekonferenz-beim-VfL-Bochum-7.webp'><img loading=\"lazy\" decoding=\"async\" width=\"600\" height=\"449\" src=\"https:\/\/www.fussball-trifft-kultur.de\/wp-content\/uploads\/2024\/10\/Kinderpressekonferenz-beim-VfL-Bochum-7.webp\" class=\"attachment-full size-full\" alt=\"Kinderpressekonferenz beim VfL Bochum\" srcset=\"https:\/\/www.fussball-trifft-kultur.de\/wp-content\/uploads\/2024\/10\/Kinderpressekonferenz-beim-VfL-Bochum-7.webp 600w, https:\/\/www.fussball-trifft-kultur.de\/wp-content\/uploads\/2024\/10\/Kinderpressekonferenz-beim-VfL-Bochum-7-300x225.webp 300w\" sizes=\"(max-width: 600px) 100vw, 600px\" \/><\/a>\n\t\t\t<\/div><\/figure><figure class='gallery-item'>\n\t\t\t<div class='gallery-icon landscape'>\n\t\t\t\t<a data-elementor-open-lightbox=\"yes\" data-elementor-lightbox-slideshow=\"d0c91fb\" data-elementor-lightbox-title=\"Kinderpressekonferenz beim VfL Bochum-8\" data-e-action-hash=\"#elementor-action%3Aaction%3Dlightbox%26settings%3DeyJpZCI6OTU2NCwidXJsIjoiaHR0cHM6XC9cL3d3dy5mdXNzYmFsbC10cmlmZnQta3VsdHVyLmRlXC93cC1jb250ZW50XC91cGxvYWRzXC8yMDI0XC8xMFwvS2luZGVycHJlc3Nla29uZmVyZW56LWJlaW0tVmZMLUJvY2h1bS04LndlYnAiLCJzbGlkZXNob3ciOiJkMGM5MWZiIn0%3D\" href='https:\/\/www.fussball-trifft-kultur.de\/wp-content\/uploads\/2024\/10\/Kinderpressekonferenz-beim-VfL-Bochum-8.webp'><img loading=\"lazy\" decoding=\"async\" width=\"600\" height=\"449\" src=\"https:\/\/www.fussball-trifft-kultur.de\/wp-content\/uploads\/2024\/10\/Kinderpressekonferenz-beim-VfL-Bochum-8.webp\" class=\"attachment-full size-full\" alt=\"Kinderpressekonferenz beim VfL Bochum\" srcset=\"https:\/\/www.fussball-trifft-kultur.de\/wp-content\/uploads\/2024\/10\/Kinderpressekonferenz-beim-VfL-Bochum-8.webp 600w, https:\/\/www.fussball-trifft-kultur.de\/wp-content\/uploads\/2024\/10\/Kinderpressekonferenz-beim-VfL-Bochum-8-300x225.webp 300w\" sizes=\"(max-width: 600px) 100vw, 600px\" \/><\/a>\n\t\t\t<\/div><\/figure>\n\t\t<\/div>\n\t\t<\/div>\n\t\t\t\t\t\t<\/div>\n\t\t\t\t<\/div>\n\t\t\t\t\t<\/div>\n\t\t\t\t<\/div>\n\t\t<div class=\"elementor-element elementor-element-d7ecaaa e-flex e-con-boxed e-con e-parent\" data-id=\"d7ecaaa\" data-element_type=\"container\">\n\t\t\t\t\t<div class=\"e-con-inner\">\n\t\t\t\t<div class=\"elementor-element elementor-element-0ed4dd4 elementor-widget elementor-widget-text-editor\" data-id=\"0ed4dd4\" data-element_type=\"widget\" data-widget_type=\"text-editor.default\">\n\t\t\t\t<div class=\"elementor-widget-container\">\n\t\t\t\t\t\t\t\t\t<p>The children quickly lost all their shyness and learned in the exciting Q&amp;A session, for example, how Antwi-Adjei found his way into professional soccer or how he prepares for matches. They also learned a lot about Jimmy&#8217;s eating habits, taste in music and hobbies. Conversely, the new project sponsor was also very interested in the pupils&#8217; habits. In the end, of course, every photo request was fulfilled and the group agreed that they were already looking forward to further highlights with the new project sponsor. VfL Bochum has certainly gained a few new fans now and the children were able to gain inspiration for the rest of the <em><a href=\"https:\/\/www.fussball-trifft-kultur.de\/de\/ftk-clubchallenge-2022\" target=\"_blank\" rel=\"noopener noreferrer\">FtK-ClubChallenge 2022<\/a><\/em> many exciting impulses.    <\/p>\n<p>In addition to Christopher Antwi-Adjei, Gizem Killic, VfL player and coach of the project, remains the sponsor of &#8220;Fu\u00dfball trifft Kultur&#8221;.<\/p>\n<p>\u00a9 Photos: VfL Bochum 1848 \/ Dustin Bialas<\/p>\n\t\t\t\t\t\t\t\t<\/div>\n\t\t\t\t<\/div>\n\t\t\t\t\t<\/div>\n\t\t\t\t<\/div>\n\t\t<div class=\"elementor-element elementor-element-bd432c9 e-flex e-con-boxed e-con e-parent\" data-id=\"bd432c9\" data-element_type=\"container\">\n\t\t\t\t\t<div class=\"e-con-inner\">\n\t\t\t\t\t<\/div>\n\t\t\t\t<\/div>\n\t\t\t\t<\/div>\n\t\t","protected":false},"excerpt":{"rendered":"<p>Many kids dream of meeting a real professional footballer. For the boys and girls from &#8220;Fu\u00dfball trifft Kultur&#8221; at the Werner von Siemens School, this dream came true. On Tuesday, April 28, the children from the Bochum &#8220;Fu\u00dfball trifft Kultur&#8221; group went on a short trip to the Vonovia Stadium. The 22 girls and boys [&hellip;]<\/p>\n","protected":false},"author":1,"featured_media":9566,"comment_status":"open","ping_status":"open","sticky":false,"template":"full-width.php","format":"standard","meta":{"_acf_changed":false,"footnotes":""},"categories":[139],"tags":[],"class_list":["post-9572","post","type-post","status-publish","format-standard","has-post-thumbnail","hentry","category-werner-von-siemens-hauptschule-bochum-en"],"acf":[],"aioseo_notices":[],"_links":{"self":[{"href":"https:\/\/www.fussball-trifft-kultur.de\/en\/wp-json\/wp\/v2\/posts\/9572","targetHints":{"allow":["GET"]}}],"collection":[{"href":"https:\/\/www.fussball-trifft-kultur.de\/en\/wp-json\/wp\/v2\/posts"}],"about":[{"href":"https:\/\/www.fussball-trifft-kultur.de\/en\/wp-json\/wp\/v2\/types\/post"}],"author":[{"embeddable":true,"href":"https:\/\/www.fussball-trifft-kultur.de\/en\/wp-json\/wp\/v2\/users\/1"}],"replies":[{"embeddable":true,"href":"https:\/\/www.fussball-trifft-kultur.de\/en\/wp-json\/wp\/v2\/comments?post=9572"}],"version-history":[{"count":0,"href":"https:\/\/www.fussball-trifft-kultur.de\/en\/wp-json\/wp\/v2\/posts\/9572\/revisions"}],"wp:featuredmedia":[{"embeddable":true,"href":"https:\/\/www.fussball-trifft-kultur.de\/en\/wp-json\/wp\/v2\/media\/9566"}],"wp:attachment":[{"href":"https:\/\/www.fussball-trifft-kultur.de\/en\/wp-json\/wp\/v2\/media?parent=9572"}],"wp:term":[{"taxonomy":"category","embeddable":true,"href":"https:\/\/www.fussball-trifft-kultur.de\/en\/wp-json\/wp\/v2\/categories?post=9572"},{"taxonomy":"post_tag","embeddable":true,"href":"https:\/\/www.fussball-trifft-kultur.de\/en\/wp-json\/wp\/v2\/tags?post=9572"}],"curies":[{"name":"wp","href":"https:\/\/api.w.org\/{rel}","templated":true}]}}